{"id":22570,"date":"2023-04-03T12:39:20","date_gmt":"2023-04-03T10:39:20","guid":{"rendered":"https:\/\/medi-landkompass.de\/?p=22570"},"modified":"2023-06-07T23:31:24","modified_gmt":"2023-06-07T21:31:24","slug":"was-macht-eigentlich-das-netzwerk-aerzte-fuer-sachsen","status":"publish","type":"post","link":"https:\/\/medi-landkompass.de\/index.php\/was-macht-eigentlich-das-netzwerk-aerzte-fuer-sachsen\/","title":{"rendered":"Was macht eigentlich das \u201eNetzwerk \u00c4rzte f\u00fcr Sachsen\u201c?"},"content":{"rendered":"\t\t<div data-elementor-type=\"wp-post\" data-elementor-id=\"22570\" class=\"elementor elementor-22570\" data-elementor-post-type=\"post\">\n\t\t\t\t\t\t<section class=\"elementor-section elementor-top-section elementor-element elementor-element-45d360b3 elementor-section-boxed elementor-section-height-default elementor-section-height-default\" data-id=\"45d360b3\" data-element_type=\"section\" data-e-type=\"section\">\n\t\t\t\t\t\t<div class=\"elementor-container elementor-column-gap-default\">\n\t\t\t\t\t<div class=\"elementor-column elementor-col-100 elementor-top-column elementor-element elementor-element-2b0fb885\" data-id=\"2b0fb885\" data-element_type=\"column\" data-e-type=\"column\">\n\t\t\t<div class=\"elementor-widget-wrap elementor-element-populated\">\n\t\t\t\t\t\t<div class=\"elementor-element elementor-element-bd972c0 elementor-widget elementor-widget-spacer\" data-id=\"bd972c0\" data-element_type=\"widget\" data-e-type=\"widget\" data-widget_type=\"spacer.default\">\n\t\t\t\t<div class=\"elementor-widget-container\">\n\t\t\t\t\t\t\t<div class=\"elementor-spacer\">\n\t\t\t<div class=\"elementor-spacer-inner\"><\/div>\n\t\t<\/div>\n\t\t\t\t\t\t<\/div>\n\t\t\t\t<\/div>\n\t\t\t\t<section class=\"elementor-section elementor-inner-section elementor-element elementor-element-f301961 elementor-section-boxed elementor-section-height-default elementor-section-height-default\" data-id=\"f301961\" data-element_type=\"section\" data-e-type=\"section\">\n\t\t\t\t\t\t<div class=\"elementor-container elementor-column-gap-default\">\n\t\t\t\t\t<div class=\"elementor-column elementor-col-50 elementor-inner-column elementor-element elementor-element-4be2db75\" data-id=\"4be2db75\" data-element_type=\"column\" data-e-type=\"column\">\n\t\t\t<div class=\"elementor-widget-wrap elementor-element-populated\">\n\t\t\t\t\t\t<div class=\"elementor-element elementor-element-7189a895 elementor-widget elementor-widget-heading\" data-id=\"7189a895\" data-element_type=\"widget\" data-e-type=\"widget\" data-widget_type=\"heading.default\">\n\t\t\t\t<div class=\"elementor-widget-container\">\n\t\t\t\t\t<h1 class=\"elementor-heading-title elementor-size-default\">Was macht eigentlich das \u201eNetzwerk \u00c4rzte f\u00fcr Sachsen\u201c?<\/h1>\t\t\t\t<\/div>\n\t\t\t\t<\/div>\n\t\t\t\t<div class=\"elementor-element elementor-element-56657342 elementor-widget elementor-widget-spacer\" data-id=\"56657342\" data-element_type=\"widget\" data-e-type=\"widget\" data-widget_type=\"spacer.default\">\n\t\t\t\t<div class=\"elementor-widget-container\">\n\t\t\t\t\t\t\t<div class=\"elementor-spacer\">\n\t\t\t<div class=\"elementor-spacer-inner\"><\/div>\n\t\t<\/div>\n\t\t\t\t\t\t<\/div>\n\t\t\t\t<\/div>\n\t\t\t\t<div class=\"elementor-element elementor-element-33bdc186 elementor-widget elementor-widget-text-editor\" data-id=\"33bdc186\" data-element_type=\"widget\" data-e-type=\"widget\" data-widget_type=\"text-editor.default\">\n\t\t\t\t<div class=\"elementor-widget-container\">\n\t\t\t\t\t\t\t\t\t<p>Der Medi-Landkompass kooperiert mit zahlreichen Akteuren, die sich der F\u00f6rderung von Medizinstudierenden im kleinst\u00e4dtisch-l\u00e4ndlichen Raum Deutschlands widmen. Dazu geh\u00f6rt das \u201eNetzwerk \u00c4rzte f\u00fcr Sachsen\u201c. Noch nie davon geh\u00f6rt? Wir stellen es euch kurz vor&#8230;<\/p>\t\t\t\t\t\t\t\t<\/div>\n\t\t\t\t<\/div>\n\t\t\t\t<div class=\"elementor-element elementor-element-72fd05ca elementor-widget-divider--view-line elementor-widget elementor-widget-divider\" data-id=\"72fd05ca\" data-element_type=\"widget\" data-e-type=\"widget\" data-widget_type=\"divider.default\">\n\t\t\t\t<div class=\"elementor-widget-container\">\n\t\t\t\t\t\t\t<div class=\"elementor-divider\">\n\t\t\t<span class=\"elementor-divider-separator\">\n\t\t\t\t\t\t<\/span>\n\t\t<\/div>\n\t\t\t\t\t\t<\/div>\n\t\t\t\t<\/div>\n\t\t\t\t<div class=\"elementor-element elementor-element-591fe89b elementor-widget elementor-widget-heading\" data-id=\"591fe89b\" data-element_type=\"widget\" data-e-type=\"widget\" data-widget_type=\"heading.default\">\n\t\t\t\t<div class=\"elementor-widget-container\">\n\t\t\t\t\t<h2 class=\"elementor-heading-title elementor-size-default\">Mit geb\u00fcndelten Kr\u00e4ften gegen den \u201c\u00c4rztemangel\u201d<\/h2>\t\t\t\t<\/div>\n\t\t\t\t<\/div>\n\t\t\t\t<div class=\"elementor-element elementor-element-806d0fe elementor-widget elementor-widget-text-editor\" data-id=\"806d0fe\" data-element_type=\"widget\" data-e-type=\"widget\" data-widget_type=\"text-editor.default\">\n\t\t\t\t<div class=\"elementor-widget-container\">\n\t\t\t\t\t\t\t\t\t<p>Das Netzwerk wurde 2009 von der S\u00e4chsischen Landes\u00e4rztekammer gegr\u00fcndet und richtet sich an Medizinstudierende, Absolvent:innen, \u00c4rzt:innen in Weiterbildung und praktizierende \u00c4rzt:innen in ganz Sachsen und \u00fcber die Landesgrenzen hinaus. F\u00fcr diese Zielgruppen \u00fcbernimmt es eine zentrale Informations- und Servicefunktion und ist Ansprechpartner f\u00fcr alle mit dem Thema \u201e\u00c4rztemangel\u201c befassten Partner:innen des s\u00e4chsischen Gesundheitswesens, sowie von medizinischer Unterversorgung bedrohter s\u00e4chsischer Landkreise, St\u00e4dte und Gemeinden. Laut der Kassen\u00e4rztlichen Vereinigung Sachsen (KVS) gibt es in Sachsen vor allem in den l\u00e4ndlichen Regionen gravierende lokale Engp\u00e4sse in der allgemeinen und spezialisierten fach\u00e4rztlichen Versorgung. (1) Das ist ein Trend, der sich in ganz Deutschland abzeichnet. Zu den \u00fcber 100 Partner:innen des Netzwerks, die sich der Problematik des \u00c4rzt:innenmangels annehmen, geh\u00f6ren die Krankenhausgesellschaft Sachsen, die S\u00e4chsische Landes\u00e4rztekammer und die Kassen\u00e4rztliche Vereinigung Sachsen.<\/p>\t\t\t\t\t\t\t\t<\/div>\n\t\t\t\t<\/div>\n\t\t\t\t<div class=\"elementor-element elementor-element-36e1134a elementor-widget elementor-widget-heading\" data-id=\"36e1134a\" data-element_type=\"widget\" data-e-type=\"widget\" data-widget_type=\"heading.default\">\n\t\t\t\t<div class=\"elementor-widget-container\">\n\t\t\t\t\t<h2 class=\"elementor-heading-title elementor-size-default\">Angebote, Veranstaltungen und F\u00f6rderma\u00dfnahmen<\/h2>\t\t\t\t<\/div>\n\t\t\t\t<\/div>\n\t\t\t\t<div class=\"elementor-element elementor-element-4d48e389 elementor-widget elementor-widget-text-editor\" data-id=\"4d48e389\" data-element_type=\"widget\" data-e-type=\"widget\" data-widget_type=\"text-editor.default\">\n\t\t\t\t<div class=\"elementor-widget-container\">\n\t\t\t\t\t\t\t\t\t<p>Das \u201cNetzwerk \u00c4rzte f\u00fcr Sachsen\u201d informiert euch \u00fcber zahlreiche Angebote, Veranstaltungen und F\u00f6rderma\u00dfnahmen f\u00fcr Medizinstudierende und junge \u00c4rzt:innen Sachsens. Dazu geh\u00f6rt unter anderem die j\u00e4hrlich stattfindende Medizinische Sommerakademie f\u00fcr angehende Mediziner:innen im Oberen Vogtland. Die Teilnehmer:innen k\u00f6nnen dort die gesamte Bandbreite der au\u00dferuniversit\u00e4ren Medizin im Vogtland kennenlernen, Fachwissen sammeln, an Visiten teilnehmen und mehr \u00fcber das Leben im Vogtland erfahren. Daneben gibt es regelm\u00e4\u00dfig spannende Informationsveranstaltungen, Tipps, Erfahrungsberichte und Aktuelles aus der medizinischen Fachwelt. Habt Ihr zum Beispiel Fragen zum Studium, PJ, Stipendien oder sucht einen Ansprechpartner oder Mentoringprogramm seid ihr beim \u201cNetzwerk \u00c4rzte f\u00fcr Sachsen\u201d genau richtig!<\/p>\n<p><span style=\"font-family: Arial; font-size: 15pt; font-weight: bold; white-space: pre-wrap; background-color: var( --e-global-color-a009674 ); color: var( --e-global-color-text ); letter-spacing: var( --e-global-typography-01f278e-letter-spacing ); word-spacing: var( --e-global-typography-01f278e-word-spacing );\">Unser aktueller Veranstaltungstipp: <\/span><strong>&nbsp;<\/strong><\/p>\n<p>Informationsveranstaltung f\u00fcr Medizinstudierende sowie Jung\u00e4rztinnen und Jung\u00e4rzte<\/p>\n<p>am 2. Mai 2023 ab 10.00 Uhr im Studienzentrum der Universit\u00e4t Leipzig in der Liebigstra\u00dfe 27.<\/p>\n<p>Es findet ein Vortrag rund um Fragen zur \u00e4rztlichen Weiterbildung und zum PJ statt. Begleitet werden diese Informationen durch eine Podiumsdiskussion zum Thema \u201eChancen und M\u00f6glichkeiten in der \u00e4rztlichen Facharztweiterbildung\u201c mit Vertretenden der S\u00e4chsischen Landes\u00e4rztekammer, Weiterbildungsbefugten und \u00c4rztinnen\/\u00c4rzten in Weiterbildung aus s\u00e4chsischen Krankenh\u00e4usern und aus der Niederlassung. Weiterbildungsbefugte \u00c4rztinnen und \u00c4rzte, Vertretende s\u00e4chsischer Krankenh\u00e4user und \u00e4rztlicher Stan\u00addesorganisationen in Sach\u00adsen sowie die Deutsche Apotheker- und \u00c4rztebank sind w\u00e4hrend der gesamten Veranstaltung mit St\u00e4nden im Foyer vertreten und beraten pers\u00f6nlich zur Weiterbildung.<\/p>\n<p>F\u00fcr euer leibliches Wohl w\u00e4hrend der Veranstaltung ist auch gesorgt und sie ist kostenfrei!<\/p>\n<p>Eine Anmeldung ist nicht erforderlich \u2013 schaut also unbedingt mal vorbei!<\/p>\n<p><\/p>\n<div><span style=\"font-family: Arial; font-size: 12pt; font-style: italic; white-space: pre-wrap; background-color: var( --e-global-color-a009674 ); color: var( --e-global-color-text ); font-weight: var( --e-global-typography-01f278e-font-weight ); letter-spacing: var( --e-global-typography-01f278e-letter-spacing ); word-spacing: var( --e-global-typography-01f278e-word-spacing );\">Link zur Veranstaltungsinfo: <\/span><br><span style=\"font-family: Arial; font-size: 12pt; font-style: italic; white-space: pre-wrap; background-color: var( --e-global-color-a009674 ); color: var( --e-global-color-text ); font-weight: var( --e-global-typography-01f278e-font-weight ); letter-spacing: var( --e-global-typography-01f278e-letter-spacing ); word-spacing: var( --e-global-typography-01f278e-word-spacing );\">https:\/\/www.aerzte-fuer-sachsen.de\/de\/whats-up-doc\/veranstaltungen\/2023\/stex-leipzig.php<\/span><\/div>\n<p><span id=\"docs-internal-guid-caa50391-7fff-eab7-84f7-055abf5ca388\"><\/span><\/p>\n<p dir=\"ltr\" style=\"line-height: 1.8; margin-top: 0pt; margin-bottom: 0pt; padding: 0pt 0pt 15pt;\"><span style=\"font-size: 12pt; font-family: Arial; font-style: italic; font-variant-numeric: normal; font-variant-east-asian: normal; font-variant-alternates: normal; vertical-align: baseline; white-space: pre-wrap;\">Weitere Informationen zum \u201cNetzwerk \u00c4rzte f\u00fcr Sachsen\u201d: https:\/\/www.aerzte-fuer-sachsen.de\/<\/span><\/p>\n<p dir=\"ltr\" style=\"line-height: 1.8; margin-top: 0pt; margin-bottom: 0pt; padding: 0pt 0pt 15pt;\"><span style=\"font-size: 12pt; font-family: Arial; font-style: italic; font-variant-numeric: normal; font-variant-east-asian: normal; font-variant-alternates: normal; vertical-align: baseline; white-space: pre-wrap;\">(1) Quelle: Bedarfsplan 2022. Kassen\u00e4rztliche Vereinigung Sachsen, S. 5-6.&nbsp;<\/span><\/p>\n<p dir=\"ltr\" style=\"line-height: 1.8; margin-top: 0pt; margin-bottom: 15pt;\"><span style=\"font-size: 12pt; font-family: Arial; font-style: italic; font-variant-numeric: normal; font-variant-east-asian: normal; font-variant-alternates: normal; vertical-align: baseline; white-space: pre-wrap;\">https:\/\/www.kvs-sachsen.de\/fileadmin\/data\/kvs\/img\/Mitglieder\/Arbeiten_als_Arzt\/Bedarfsplanung\/211207_Bedarfsplan_2022.pdf<\/span><\/p>\n<div><span style=\"font-size: 12pt; font-family: Arial; font-style: italic; font-variant-numeric: normal; font-variant-east-asian: normal; font-variant-alternates: normal; vertical-align: baseline; white-space: pre-wrap;\"><br><\/span><\/div>\n<p><\/p>\t\t\t\t\t\t\t\t<\/div>\n\t\t\t\t<\/div>\n\t\t\t\t<div class=\"elementor-element elementor-element-687c051 elementor-widget-divider--view-line elementor-widget elementor-widget-divider\" data-id=\"687c051\" data-element_type=\"widget\" data-e-type=\"widget\" data-widget_type=\"divider.default\">\n\t\t\t\t<div class=\"elementor-widget-container\">\n\t\t\t\t\t\t\t<div class=\"elementor-divider\">\n\t\t\t<span class=\"elementor-divider-separator\">\n\t\t\t\t\t\t<\/span>\n\t\t<\/div>\n\t\t\t\t\t\t<\/div>\n\t\t\t\t<\/div>\n\t\t\t\t<div class=\"elementor-element elementor-element-79b152da elementor-align-justify elementor-widget elementor-widget-button\" data-id=\"79b152da\" data-element_type=\"widget\" data-e-type=\"widget\" data-widget_type=\"button.default\">\n\t\t\t\t<div class=\"elementor-widget-container\">\n\t\t\t\t\t\t\t\t\t<div class=\"elementor-button-wrapper\">\n\t\t\t\t\t<a class=\"elementor-button elementor-button-link elementor-size-sm\" href=\"https:\/\/medi-landkompass.de\/index.php\/blog\/\">\n\t\t\t\t\t\t<span class=\"elementor-button-content-wrapper\">\n\t\t\t\t\t\t\t\t\t<span class=\"elementor-button-text\">Zur\u00fcck zum Blog<\/span>\n\t\t\t\t\t<\/span>\n\t\t\t\t\t<\/a>\n\t\t\t\t<\/div>\n\t\t\t\t\t\t\t\t<\/div>\n\t\t\t\t<\/div>\n\t\t\t\t\t<\/div>\n\t\t<\/div>\n\t\t\t\t<div class=\"elementor-column elementor-col-50 elementor-inner-column elementor-element elementor-element-36fd33cf\" data-id=\"36fd33cf\" data-element_type=\"column\" data-e-type=\"column\" data-settings=\"{&quot;background_background&quot;:&quot;classic&quot;}\">\n\t\t\t<div class=\"elementor-widget-wrap elementor-element-populated\">\n\t\t\t\t\t\t<div class=\"elementor-element elementor-element-4ddaed49 elementor-hidden-mobile elementor-widget elementor-widget-gallery\" data-id=\"4ddaed49\" data-element_type=\"widget\" data-e-type=\"widget\" data-settings=\"{&quot;gallery_layout&quot;:&quot;masonry&quot;,&quot;columns&quot;:2,&quot;image_hover_animation&quot;:&quot;grow&quot;,&quot;lazyload&quot;:&quot;yes&quot;,&quot;columns_tablet&quot;:2,&quot;columns_mobile&quot;:1,&quot;gap&quot;:{&quot;unit&quot;:&quot;px&quot;,&quot;size&quot;:10,&quot;sizes&quot;:[]},&quot;gap_tablet&quot;:{&quot;unit&quot;:&quot;px&quot;,&quot;size&quot;:10,&quot;sizes&quot;:[]},&quot;gap_mobile&quot;:{&quot;unit&quot;:&quot;px&quot;,&quot;size&quot;:10,&quot;sizes&quot;:[]}}\" data-widget_type=\"gallery.default\">\n\t\t\t\t<div class=\"elementor-widget-container\">\n\t\t\t\t\t\t\t<div class=\"elementor-gallery__container\">\n\t\t\t\t\t\t\t<div class=\"e-gallery-item elementor-gallery-item elementor-animated-content\">\n\t\t\t\t\t<div class=\"e-gallery-image elementor-gallery-item__image\" data-thumbnail=\"https:\/\/medi-landkompass.de\/wp-content\/uploads\/2023\/04\/DSC_6147-1024x679.jpg\" data-width=\"800\" data-height=\"530\" aria-label=\"\" role=\"img\" ><\/div>\n\t\t\t\t\t\t\t\t\t\t\t\t\t\t<\/div>\n\t\t\t\t\t\t\t<div class=\"e-gallery-item elementor-gallery-item elementor-animated-content\">\n\t\t\t\t\t<div class=\"e-gallery-image elementor-gallery-item__image\" data-thumbnail=\"https:\/\/medi-landkompass.de\/wp-content\/uploads\/2023\/04\/DSC_0037-1024x680.jpg\" data-width=\"800\" data-height=\"531\" aria-label=\"\" role=\"img\" ><\/div>\n\t\t\t\t\t\t\t\t\t\t\t\t\t\t<\/div>\n\t\t\t\t\t\t\t<div class=\"e-gallery-item elementor-gallery-item elementor-animated-content\">\n\t\t\t\t\t<div class=\"e-gallery-image elementor-gallery-item__image\" data-thumbnail=\"https:\/\/medi-landkompass.de\/wp-content\/uploads\/2023\/04\/DSC_3491-1024x653.jpg\" data-width=\"800\" data-height=\"510\" aria-label=\"\" role=\"img\" ><\/div>\n\t\t\t\t\t\t\t\t\t\t\t\t\t\t<\/div>\n\t\t\t\t\t\t\t<div class=\"e-gallery-item elementor-gallery-item elementor-animated-content\">\n\t\t\t\t\t<div class=\"e-gallery-image elementor-gallery-item__image\" data-thumbnail=\"https:\/\/medi-landkompass.de\/wp-content\/uploads\/2023\/04\/DSC_3502-1024x678.jpg\" data-width=\"800\" data-height=\"530\" aria-label=\"\" role=\"img\" ><\/div>\n\t\t\t\t\t\t\t\t\t\t\t\t\t\t<\/div>\n\t\t\t\t\t<\/div>\n\t\t\t\t\t<\/div>\n\t\t\t\t<\/div>\n\t\t\t\t<div class=\"elementor-element elementor-element-1d17dbb0 elementor-hidden-desktop elementor-widget elementor-widget-theme-post-featured-image elementor-widget-image\" data-id=\"1d17dbb0\" data-element_type=\"widget\" data-e-type=\"widget\" data-widget_type=\"theme-post-featured-image.default\">\n\t\t\t\t<div class=\"elementor-widget-container\">\n\t\t\t\t\t\t\t\t\t\t\t\t\t\t\t<img fetchpriority=\"high\" decoding=\"async\" width=\"800\" height=\"530\" src=\"data:image\/gif;base64,R0lGODlhAQABAIAAAAAAAP\/\/\/yH5BAEAAAAALAAAAAABAAEAAAIBRAA7\" data-src=\"https:\/\/medi-landkompass.de\/wp-content\/uploads\/2023\/04\/DSC_6147-1024x679.jpg\" class=\"attachment-large size-large wp-image-22585 lazyload\" alt=\"\" data-srcset=\"https:\/\/medi-landkompass.de\/wp-content\/uploads\/2023\/04\/DSC_6147-1024x679.jpg 1024w, https:\/\/medi-landkompass.de\/wp-content\/uploads\/2023\/04\/DSC_6147-300x199.jpg 300w, https:\/\/medi-landkompass.de\/wp-content\/uploads\/2023\/04\/DSC_6147-768x509.jpg 768w, https:\/\/medi-landkompass.de\/wp-content\/uploads\/2023\/04\/DSC_6147.jpg 1479w\" sizes=\"(max-width: 800px) 100vw, 800px\" \/><noscript><img decoding=\"async\" width=\"800\" height=\"530\" src=\"https:\/\/medi-landkompass.de\/wp-content\/uploads\/2023\/04\/DSC_6147-1024x679.jpg\" class=\"attachment-large size-large wp-image-22585 lazyload\" alt=\"\" srcset=\"https:\/\/medi-landkompass.de\/wp-content\/uploads\/2023\/04\/DSC_6147-1024x679.jpg 1024w, https:\/\/medi-landkompass.de\/wp-content\/uploads\/2023\/04\/DSC_6147-300x199.jpg 300w, https:\/\/medi-landkompass.de\/wp-content\/uploads\/2023\/04\/DSC_6147-768x509.jpg 768w, https:\/\/medi-landkompass.de\/wp-content\/uploads\/2023\/04\/DSC_6147.jpg 1479w\" sizes=\"(max-width: 800px) 100vw, 800px\" \/><\/noscript>\t\t\t\t\t\t\t\t\t\t\t\t\t\t\t<\/div>\n\t\t\t\t<\/div>\n\t\t\t\t\t<\/div>\n\t\t<\/div>\n\t\t\t\t\t<\/div>\n\t\t<\/section>\n\t\t\t\t<div class=\"elementor-element elementor-element-65c699a7 elementor-widget-divider--view-line elementor-widget elementor-widget-divider\" data-id=\"65c699a7\" data-element_type=\"widget\" data-e-type=\"widget\" data-widget_type=\"divider.default\">\n\t\t\t\t<div class=\"elementor-widget-container\">\n\t\t\t\t\t\t\t<div class=\"elementor-divider\">\n\t\t\t<span class=\"elementor-divider-separator\">\n\t\t\t\t\t\t<\/span>\n\t\t<\/div>\n\t\t\t\t\t\t<\/div>\n\t\t\t\t<\/div>\n\t\t\t\t\t<\/div>\n\t\t<\/div>\n\t\t\t\t\t<\/div>\n\t\t<\/section>\n\t\t\t\t<\/div>\n\t\t","protected":false},"excerpt":{"rendered":"<p>Was macht eigentlich das \u201eNetzwerk \u00c4rzte f\u00fcr Sachsen\u201c? Der Medi-Landkompass kooperiert mit zahlreichen Akteuren, die sich der F\u00f6rderung von Medizinstudierenden im kleinst\u00e4dtisch-l\u00e4ndlichen Raum Deutschlands widmen. Dazu geh\u00f6rt das \u201eNetzwerk \u00c4rzte f\u00fcr Sachsen\u201c. Noch nie davon geh\u00f6rt? Wir stellen es euch kurz vor&#8230; Mit geb\u00fcndelten Kr\u00e4ften gegen den \u201c\u00c4rztemangel\u201d Das Netzwerk wurde 2009 von der S\u00e4chsischen [&hellip;]<\/p>\n","protected":false},"author":16,"featured_media":22585,"comment_status":"closed","ping_status":"open","sticky":false,"template":"","format":"standard","meta":{"footnotes":""},"categories":[1508],"tags":[],"class_list":["post-22570","post","type-post","status-publish","format-standard","has-post-thumbnail","hentry","category-kurz-vorgestellt"],"_links":{"self":[{"href":"https:\/\/medi-landkompass.de\/index.php\/wp-json\/wp\/v2\/posts\/22570","targetHints":{"allow":["GET"]}}],"collection":[{"href":"https:\/\/medi-landkompass.de\/index.php\/wp-json\/wp\/v2\/posts"}],"about":[{"href":"https:\/\/medi-landkompass.de\/index.php\/wp-json\/wp\/v2\/types\/post"}],"author":[{"embeddable":true,"href":"https:\/\/medi-landkompass.de\/index.php\/wp-json\/wp\/v2\/users\/16"}],"replies":[{"embeddable":true,"href":"https:\/\/medi-landkompass.de\/index.php\/wp-json\/wp\/v2\/comments?post=22570"}],"version-history":[{"count":21,"href":"https:\/\/medi-landkompass.de\/index.php\/wp-json\/wp\/v2\/posts\/22570\/revisions"}],"predecessor-version":[{"id":22648,"href":"https:\/\/medi-landkompass.de\/index.php\/wp-json\/wp\/v2\/posts\/22570\/revisions\/22648"}],"wp:featuredmedia":[{"embeddable":true,"href":"https:\/\/medi-landkompass.de\/index.php\/wp-json\/wp\/v2\/media\/22585"}],"wp:attachment":[{"href":"https:\/\/medi-landkompass.de\/index.php\/wp-json\/wp\/v2\/media?parent=22570"}],"wp:term":[{"taxonomy":"category","embeddable":true,"href":"https:\/\/medi-landkompass.de\/index.php\/wp-json\/wp\/v2\/categories?post=22570"},{"taxonomy":"post_tag","embeddable":true,"href":"https:\/\/medi-landkompass.de\/index.php\/wp-json\/wp\/v2\/tags?post=22570"}],"curies":[{"name":"wp","href":"https:\/\/api.w.org\/{rel}","templated":true}]}}