{"id":22103,"date":"2022-08-03T12:32:21","date_gmt":"2022-08-03T10:32:21","guid":{"rendered":"https:\/\/medi-landkompass.de\/?p=22103"},"modified":"2023-08-08T10:08:33","modified_gmt":"2023-08-08T08:08:33","slug":"wie-kommen-medizinstudierende-aufs-land","status":"publish","type":"post","link":"https:\/\/medi-landkompass.de\/index.php\/wie-kommen-medizinstudierende-aufs-land\/","title":{"rendered":"Wie kommen Medizinstudierende aufs Land?"},"content":{"rendered":"\t\t<div data-elementor-type=\"wp-post\" data-elementor-id=\"22103\" class=\"elementor elementor-22103\" data-elementor-post-type=\"post\">\n\t\t\t\t\t\t<section class=\"elementor-section elementor-top-section elementor-element elementor-element-67ec415c elementor-section-boxed elementor-section-height-default elementor-section-height-default\" data-id=\"67ec415c\" data-element_type=\"section\" data-e-type=\"section\">\n\t\t\t\t\t\t<div class=\"elementor-container elementor-column-gap-default\">\n\t\t\t\t\t<div class=\"elementor-column elementor-col-100 elementor-top-column elementor-element elementor-element-5ac92342\" data-id=\"5ac92342\" data-element_type=\"column\" data-e-type=\"column\">\n\t\t\t<div class=\"elementor-widget-wrap elementor-element-populated\">\n\t\t\t\t\t\t<div class=\"elementor-element elementor-element-959ac1f elementor-widget elementor-widget-spacer\" data-id=\"959ac1f\" data-element_type=\"widget\" data-e-type=\"widget\" data-widget_type=\"spacer.default\">\n\t\t\t\t<div class=\"elementor-widget-container\">\n\t\t\t\t\t\t\t<div class=\"elementor-spacer\">\n\t\t\t<div class=\"elementor-spacer-inner\"><\/div>\n\t\t<\/div>\n\t\t\t\t\t\t<\/div>\n\t\t\t\t<\/div>\n\t\t\t\t<section class=\"elementor-section elementor-inner-section elementor-element elementor-element-40a4d22 elementor-section-boxed elementor-section-height-default elementor-section-height-default\" data-id=\"40a4d22\" data-element_type=\"section\" data-e-type=\"section\">\n\t\t\t\t\t\t<div class=\"elementor-container elementor-column-gap-default\">\n\t\t\t\t\t<div class=\"elementor-column elementor-col-50 elementor-inner-column elementor-element elementor-element-71437e4c\" data-id=\"71437e4c\" data-element_type=\"column\" data-e-type=\"column\">\n\t\t\t<div class=\"elementor-widget-wrap elementor-element-populated\">\n\t\t\t\t\t\t<div class=\"elementor-element elementor-element-4ee5adf1 elementor-widget elementor-widget-heading\" data-id=\"4ee5adf1\" data-element_type=\"widget\" data-e-type=\"widget\" data-widget_type=\"heading.default\">\n\t\t\t\t<div class=\"elementor-widget-container\">\n\t\t\t\t\t<h1 class=\"elementor-heading-title elementor-size-default\">Wie kommen Medizinstudierende aufs Land?<\/h1>\t\t\t\t<\/div>\n\t\t\t\t<\/div>\n\t\t\t\t<div class=\"elementor-element elementor-element-389947fb elementor-widget elementor-widget-spacer\" data-id=\"389947fb\" data-element_type=\"widget\" data-e-type=\"widget\" data-widget_type=\"spacer.default\">\n\t\t\t\t<div class=\"elementor-widget-container\">\n\t\t\t\t\t\t\t<div class=\"elementor-spacer\">\n\t\t\t<div class=\"elementor-spacer-inner\"><\/div>\n\t\t<\/div>\n\t\t\t\t\t\t<\/div>\n\t\t\t\t<\/div>\n\t\t\t\t<div class=\"elementor-element elementor-element-23ba8082 elementor-widget elementor-widget-text-editor\" data-id=\"23ba8082\" data-element_type=\"widget\" data-e-type=\"widget\" data-widget_type=\"text-editor.default\">\n\t\t\t\t<div class=\"elementor-widget-container\">\n\t\t\t\t\t\t\t\t\t<p>D\u00f6rfer, l\u00e4ndliche Gemeinden und kleine St\u00e4dte bieten viel Platz zum Entfalten, Entschleunigung und Ruhe. Momentan zieht es die Menschen jedoch vor allem in die Gro\u00dfst\u00e4dte. \u00c4rztinnen und \u00c4rzte, die demn\u00e4chst in den Ruhestand gehen, haben deshalb h\u00e4ufig ein Problem: Sie finden keine Nachfolger:innen f\u00fcr ihre Praxen.<\/p>\t\t\t\t\t\t\t\t<\/div>\n\t\t\t\t<\/div>\n\t\t\t\t<div class=\"elementor-element elementor-element-37e85ba0 elementor-widget-divider--view-line elementor-widget elementor-widget-divider\" data-id=\"37e85ba0\" data-element_type=\"widget\" data-e-type=\"widget\" data-widget_type=\"divider.default\">\n\t\t\t\t<div class=\"elementor-widget-container\">\n\t\t\t\t\t\t\t<div class=\"elementor-divider\">\n\t\t\t<span class=\"elementor-divider-separator\">\n\t\t\t\t\t\t<\/span>\n\t\t<\/div>\n\t\t\t\t\t\t<\/div>\n\t\t\t\t<\/div>\n\t\t\t\t<div class=\"elementor-element elementor-element-4c244d54 elementor-widget elementor-widget-text-editor\" data-id=\"4c244d54\" data-element_type=\"widget\" data-e-type=\"widget\" data-widget_type=\"text-editor.default\">\n\t\t\t\t<div class=\"elementor-widget-container\">\n\t\t\t\t\t\t\t\t\t<p>Auch Krankenh\u00e4user im kleinst\u00e4dtisch-l\u00e4ndlichen Raum suchen oft h\u00e4nderingend nach \u00e4rztlichem Personal. Um dem medizinischen Versorgungsmangel entgegenzuwirken, der sich aktuell in ganz Deutschland und verst\u00e4rkt auf dem Land abzeichnet, werden F\u00f6rderangebote f\u00fcr Medizinstudierende aufgesetzt, welche die Ausbildung und das Arbeiten in den Regionen fern der Gro\u00dfst\u00e4dte deutlich attraktiver machen sollen. In Deutschland bieten verschiedenste Akteure eine F\u00f6rderung f\u00fcr Medizinstudierende im kleinst\u00e4dtisch-l\u00e4ndlichen Raum an. Zu \u00fcberblicken, wer wen zu welchen Bedingungen f\u00f6rdert ist gar nicht so einfach.\u00a0<\/p>\t\t\t\t\t\t\t\t<\/div>\n\t\t\t\t<\/div>\n\t\t\t\t<div class=\"elementor-element elementor-element-67dfbe6b elementor-widget elementor-widget-heading\" data-id=\"67dfbe6b\" data-element_type=\"widget\" data-e-type=\"widget\" data-widget_type=\"heading.default\">\n\t\t\t\t<div class=\"elementor-widget-container\">\n\t\t\t\t\t<h2 class=\"elementor-heading-title elementor-size-default\"><span style=\"font-size: var( --e-global-typography-9e25bd7-font-size );font-weight: var( --e-global-typography-9e25bd7-font-weight );white-space: normal;background-color: var( --e-global-color-a009674 )\">Wer f\u00f6rdert Medizinstudierende im kleinst\u00e4dtisch-l\u00e4ndlichen Raum und welche F\u00f6rderarten gibt es?<\/span><\/h2>\t\t\t\t<\/div>\n\t\t\t\t<\/div>\n\t\t\t\t<div class=\"elementor-element elementor-element-355e8012 elementor-widget elementor-widget-text-editor\" data-id=\"355e8012\" data-element_type=\"widget\" data-e-type=\"widget\" data-widget_type=\"text-editor.default\">\n\t\t\t\t<div class=\"elementor-widget-container\">\n\t\t\t\t\t\t\t\t\t<p>Zu den f\u00f6rdernden Akteuren und Institutionen z\u00e4hlen beispielsweise Universit\u00e4ten, Krankenh\u00e4user und Kliniken, Kassen\u00e4rztliche Vereinigungen, Stiftungen, K\u00f6rperschaften des \u00f6ffentlichen Rechts wie Landkreise, Kommunen oder auch Bundesl\u00e4nder und die Gesundheitswirtschaft.\u00a0<\/p><p>Ebenso vielf\u00e4ltig sind die Arten der F\u00f6rderung f\u00fcr Medizinstudierende: Neben finanziellen F\u00f6rderungen wie Aufwandsentsch\u00e4digungen bei Praktika, Unterkunfts- und Verpflegungsunterst\u00fctzung, Stipendien und Darlehen gibt es auch ideelle F\u00f6rderungen wie Mentoringprogramme, Freizeitangebote oder besondere Lehrangebote.\u00a0<\/p><p>In den folgenden Blogeintr\u00e4gen werden wir einzelne Akteure und F\u00f6rderarten genauer f\u00fcr Euch unter die Lupe nehmen.<\/p>\t\t\t\t\t\t\t\t<\/div>\n\t\t\t\t<\/div>\n\t\t\t\t<div class=\"elementor-element elementor-element-29c8d310 elementor-align-justify elementor-widget elementor-widget-button\" data-id=\"29c8d310\" data-element_type=\"widget\" data-e-type=\"widget\" data-widget_type=\"button.default\">\n\t\t\t\t<div class=\"elementor-widget-container\">\n\t\t\t\t\t\t\t\t\t<div class=\"elementor-button-wrapper\">\n\t\t\t\t\t<a class=\"elementor-button elementor-button-link elementor-size-sm\" href=\"https:\/\/medi-landkompass.de\/index.php\/blog\/\">\n\t\t\t\t\t\t<span class=\"elementor-button-content-wrapper\">\n\t\t\t\t\t\t\t\t\t<span class=\"elementor-button-text\">Zur\u00fcck zum Blog<\/span>\n\t\t\t\t\t<\/span>\n\t\t\t\t\t<\/a>\n\t\t\t\t<\/div>\n\t\t\t\t\t\t\t\t<\/div>\n\t\t\t\t<\/div>\n\t\t\t\t\t<\/div>\n\t\t<\/div>\n\t\t\t\t<div class=\"elementor-column elementor-col-50 elementor-inner-column elementor-element elementor-element-4f2e2951\" data-id=\"4f2e2951\" data-element_type=\"column\" data-e-type=\"column\" data-settings=\"{&quot;background_background&quot;:&quot;classic&quot;}\">\n\t\t\t<div class=\"elementor-widget-wrap elementor-element-populated\">\n\t\t\t\t\t\t<div class=\"elementor-element elementor-element-55f70e20 elementor-widget elementor-widget-gallery\" data-id=\"55f70e20\" data-element_type=\"widget\" data-e-type=\"widget\" data-settings=\"{&quot;gallery_layout&quot;:&quot;masonry&quot;,&quot;columns&quot;:2,&quot;image_hover_animation&quot;:&quot;grow&quot;,&quot;columns_tablet&quot;:1,&quot;lazyload&quot;:&quot;yes&quot;,&quot;columns_mobile&quot;:1,&quot;gap&quot;:{&quot;unit&quot;:&quot;px&quot;,&quot;size&quot;:10,&quot;sizes&quot;:[]},&quot;gap_tablet&quot;:{&quot;unit&quot;:&quot;px&quot;,&quot;size&quot;:10,&quot;sizes&quot;:[]},&quot;gap_mobile&quot;:{&quot;unit&quot;:&quot;px&quot;,&quot;size&quot;:10,&quot;sizes&quot;:[]}}\" data-widget_type=\"gallery.default\">\n\t\t\t\t<div class=\"elementor-widget-container\">\n\t\t\t\t\t\t\t<div class=\"elementor-gallery__container\">\n\t\t\t\t\t\t\t<div class=\"e-gallery-item elementor-gallery-item elementor-animated-content\">\n\t\t\t\t\t<div class=\"e-gallery-image elementor-gallery-item__image\" data-thumbnail=\"https:\/\/medi-landkompass.de\/wp-content\/uploads\/2022\/07\/Beispiel_Bild_GE_3-1024x819.jpg\" data-width=\"800\" data-height=\"640\" aria-label=\"Illustration eines Stadtplans \u00fcber Foto eines Flusses mit moderner Br\u00fccke\" role=\"img\" ><\/div>\n\t\t\t\t\t\t\t\t\t\t\t\t\t\t<\/div>\n\t\t\t\t\t\t\t<div class=\"e-gallery-item elementor-gallery-item elementor-animated-content\">\n\t\t\t\t\t<div class=\"e-gallery-image elementor-gallery-item__image\" data-thumbnail=\"https:\/\/medi-landkompass.de\/wp-content\/uploads\/2021\/10\/pagan-2408420_640.jpg\" data-width=\"640\" data-height=\"348\" aria-label=\"Foto einer Gras und Steppenlandschaft in Deutschland\" role=\"img\" ><\/div>\n\t\t\t\t\t\t\t\t\t\t\t\t\t\t<\/div>\n\t\t\t\t\t\t\t<div class=\"e-gallery-item elementor-gallery-item elementor-animated-content\">\n\t\t\t\t\t<div class=\"e-gallery-image elementor-gallery-item__image\" data-thumbnail=\"https:\/\/medi-landkompass.de\/wp-content\/uploads\/2022\/07\/33333267258_6f75447584_k-1024x678.jpg\" data-width=\"800\" data-height=\"530\" aria-label=\"Foto vom Sonnenuntergang hinter einem historischen Turm\" role=\"img\" ><\/div>\n\t\t\t\t\t\t\t\t\t\t\t\t\t\t<\/div>\n\t\t\t\t\t<\/div>\n\t\t\t\t\t<\/div>\n\t\t\t\t<\/div>\n\t\t\t\t\t<\/div>\n\t\t<\/div>\n\t\t\t\t\t<\/div>\n\t\t<\/section>\n\t\t\t\t<div class=\"elementor-element elementor-element-5a114226 elementor-widget-divider--view-line elementor-widget elementor-widget-divider\" data-id=\"5a114226\" data-element_type=\"widget\" data-e-type=\"widget\" data-widget_type=\"divider.default\">\n\t\t\t\t<div class=\"elementor-widget-container\">\n\t\t\t\t\t\t\t<div class=\"elementor-divider\">\n\t\t\t<span class=\"elementor-divider-separator\">\n\t\t\t\t\t\t<\/span>\n\t\t<\/div>\n\t\t\t\t\t\t<\/div>\n\t\t\t\t<\/div>\n\t\t\t\t\t<\/div>\n\t\t<\/div>\n\t\t\t\t\t<\/div>\n\t\t<\/section>\n\t\t\t\t<\/div>\n\t\t","protected":false},"excerpt":{"rendered":"<p>D\u00f6rfer, l\u00e4ndliche Gemeinden und kleine St\u00e4dte bieten viel Platz zum Entfalten, Entschleunigung und Ruhe. Momentan zieht es die Menschen jedoch vor allem in die Gro\u00dfst\u00e4dte. \u00c4rztinnen und \u00c4rzte, die demn\u00e4chst in den Ruhestand gehen, haben deshalb h\u00e4ufig ein Problem: Sie finden keine Nachfolger:innen f\u00fcr ihre Praxen.<\/p>\n","protected":false},"author":2,"featured_media":21769,"comment_status":"closed","ping_status":"open","sticky":false,"template":"","format":"standard","meta":{"footnotes":""},"categories":[1],"tags":[],"class_list":["post-22103","post","type-post","status-publish","format-standard","has-post-thumbnail","hentry","category-aus-und-weiterbildung"],"_links":{"self":[{"href":"https:\/\/medi-landkompass.de\/index.php\/wp-json\/wp\/v2\/posts\/22103","targetHints":{"allow":["GET"]}}],"collection":[{"href":"https:\/\/medi-landkompass.de\/index.php\/wp-json\/wp\/v2\/posts"}],"about":[{"href":"https:\/\/medi-landkompass.de\/index.php\/wp-json\/wp\/v2\/types\/post"}],"author":[{"embeddable":true,"href":"https:\/\/medi-landkompass.de\/index.php\/wp-json\/wp\/v2\/users\/2"}],"replies":[{"embeddable":true,"href":"https:\/\/medi-landkompass.de\/index.php\/wp-json\/wp\/v2\/comments?post=22103"}],"version-history":[{"count":26,"href":"https:\/\/medi-landkompass.de\/index.php\/wp-json\/wp\/v2\/posts\/22103\/revisions"}],"predecessor-version":[{"id":23013,"href":"https:\/\/medi-landkompass.de\/index.php\/wp-json\/wp\/v2\/posts\/22103\/revisions\/23013"}],"wp:featuredmedia":[{"embeddable":true,"href":"https:\/\/medi-landkompass.de\/index.php\/wp-json\/wp\/v2\/media\/21769"}],"wp:attachment":[{"href":"https:\/\/medi-landkompass.de\/index.php\/wp-json\/wp\/v2\/media?parent=22103"}],"wp:term":[{"taxonomy":"category","embeddable":true,"href":"https:\/\/medi-landkompass.de\/index.php\/wp-json\/wp\/v2\/categories?post=22103"},{"taxonomy":"post_tag","embeddable":true,"href":"https:\/\/medi-landkompass.de\/index.php\/wp-json\/wp\/v2\/tags?post=22103"}],"curies":[{"name":"wp","href":"https:\/\/api.w.org\/{rel}","templated":true}]}}